{"id":429,"date":"2026-03-11T12:50:23","date_gmt":"2026-03-11T11:50:23","guid":{"rendered":"https:\/\/apel75.com\/?p=429"},"modified":"2026-03-11T14:08:59","modified_gmt":"2026-03-11T13:08:59","slug":"ecoles-sous-contrat-a-paris-une-petition-pour-demander-lapplication-de-la-loi","status":"publish","type":"post","link":"https:\/\/apel75.com\/?p=429","title":{"rendered":"\u00c9coles sous contrat \u00e0 Paris : une p\u00e9tition pour demander l\u2019application de la loi"},"content":{"rendered":"\n<h2 class=\"wp-block-heading\"><\/h2>\n\n\n\n<p>\u00c0 Paris, des milliers de familles ont choisi de scolariser leurs enfants dans des <strong>\u00e9coles priv\u00e9es sous contrat avec l\u2019\u00c9tat<\/strong>. Ces \u00e9tablissements participent pleinement au service public d\u2019\u00e9ducation.<\/p>\n\n\n\n<p>Pourtant, leur financement par la Ville de Paris <strong>ne correspond pas aux obligations pr\u00e9vues par la loi<\/strong>. Cette situation cr\u00e9e un d\u00e9s\u00e9quilibre qui p\u00e8se directement sur les \u00e9tablissements et sur les familles.<\/p>\n\n\n\n<p>Face \u00e0 cette situation, plusieurs acteurs de l\u2019enseignement sous contrat \u00e0 Paris lancent <strong>une p\u00e9tition citoyenne<\/strong>. L\u2019objectif est simple : demander aux responsables politiques <strong>de garantir une application juste et compl\u00e8te de la loi pour toutes les \u00e9coles sous contrat de la capitale<\/strong>.<\/p>\n\n\n\n<p>\u00c0 l\u2019approche des \u00e9lections municipales, cette mobilisation vise \u00e0 <strong>sensibiliser les d\u00e9cideurs publics et \u00e0 obtenir des engagements clairs pour l\u2019avenir<\/strong>.<\/p>\n\n\n\n<p>\ud83d\udc49 <strong>Signer la p\u00e9tition :<\/strong><br><a href=\"https:\/\/www.change.org\/p\/exiger-un-financement-%C3%A9quitable-pour-les-35-000-%C3%A9coliers-parisiens-du-priv%C3%A9-sous-contrat?recruiter=1399033578&amp;recruited_by_id=384b7910-ecc8-11f0-bdba-b7d32af4e5da&amp;utm_source=share_petition&amp;utm_campaign=petition_dashboard&amp;utm_medium=copylink&amp;share_id=hjxDBDgHw2\" data-type=\"link\" data-id=\"https:\/\/www.change.org\/p\/exiger-un-financement-%C3%A9quitable-pour-les-35-000-%C3%A9coliers-parisiens-du-priv%C3%A9-sous-contrat?recruiter=1399033578&amp;recruited_by_id=384b7910-ecc8-11f0-bdba-b7d32af4e5da&amp;utm_source=share_petition&amp;utm_campaign=petition_dashboard&amp;utm_medium=copylink&amp;share_id=hjxDBDgHw2\">https:\/\/www.change.org\/EcolesParis<\/a><\/p>\n\n\n\n<p>Pour en savoir plus, vous pouvez \u00e9galement consulter <strong>le communiqu\u00e9 de presse disponible ci-dessous<\/strong>.<\/p>\n\n\n\n<div data-wp-interactive=\"core\/file\" class=\"wp-block-file\"><object data-wp-bind--hidden=\"!state.hasPdfPreview\" hidden class=\"wp-block-file__embed\" data=\"https:\/\/apel75.com\/wp-content\/uploads\/2026\/03\/CP_FNOGEC_APEL_final-2-1-1.pdf\" type=\"application\/pdf\" style=\"width:100%;height:600px\" aria-label=\"Embed of CP_FNOGEC_APEL_final (2) (1) (1).\"><\/object><a id=\"wp-block-file--media-986e2733-a4f3-4c4b-98a2-b1fc79c4bf1d\" href=\"https:\/\/apel75.com\/wp-content\/uploads\/2026\/03\/CP_FNOGEC_APEL_final-2-1-1.pdf\">CP_FNOGEC_APEL_final (2) (1) (1)<\/a><a href=\"https:\/\/apel75.com\/wp-content\/uploads\/2026\/03\/CP_FNOGEC_APEL_final-2-1-1.pdf\" class=\"wp-block-file__button wp-element-button\" download aria-describedby=\"wp-block-file--media-986e2733-a4f3-4c4b-98a2-b1fc79c4bf1d\">Download<\/a><\/div>\n","protected":false},"excerpt":{"rendered":"<p>\u00c0 Paris, des milliers de familles ont choisi de scolariser leurs enfants dans des \u00e9coles priv\u00e9es sous contrat avec l\u2019\u00c9tat. Ces \u00e9tablissements participent pleinement au service public d\u2019\u00e9ducation. Pourtant, leur financement par la Ville de Paris ne correspond pas aux obligations pr\u00e9vues par la loi. Cette situation cr\u00e9e un d\u00e9s\u00e9quilibre qui p\u00e8se directement sur les &hellip; <a href=\"https:\/\/apel75.com\/?p=429\" class=\"more-link\">Continue reading <span class=\"screen-reader-text\">\u00c9coles sous contrat \u00e0 Paris : une p\u00e9tition pour demander l\u2019application de la loi<\/span><\/a><\/p>\n","protected":false},"author":3,"featured_media":0,"comment_status":"closed","ping_status":"closed","sticky":true,"template":"","format":"standard","meta":{"footnotes":""},"categories":[1],"tags":[],"class_list":["post-429","post","type-post","status-publish","format-standard","hentry","category-non-classe"],"_links":{"self":[{"href":"https:\/\/apel75.com\/index.php?rest_route=\/wp\/v2\/posts\/429","targetHints":{"allow":["GET"]}}],"collection":[{"href":"https:\/\/apel75.com\/index.php?rest_route=\/wp\/v2\/posts"}],"about":[{"href":"https:\/\/apel75.com\/index.php?rest_route=\/wp\/v2\/types\/post"}],"author":[{"embeddable":true,"href":"https:\/\/apel75.com\/index.php?rest_route=\/wp\/v2\/users\/3"}],"replies":[{"embeddable":true,"href":"https:\/\/apel75.com\/index.php?rest_route=%2Fwp%2Fv2%2Fcomments&post=429"}],"version-history":[{"count":2,"href":"https:\/\/apel75.com\/index.php?rest_route=\/wp\/v2\/posts\/429\/revisions"}],"predecessor-version":[{"id":434,"href":"https:\/\/apel75.com\/index.php?rest_route=\/wp\/v2\/posts\/429\/revisions\/434"}],"wp:attachment":[{"href":"https:\/\/apel75.com\/index.php?rest_route=%2Fwp%2Fv2%2Fmedia&parent=429"}],"wp:term":[{"taxonomy":"category","embeddable":true,"href":"https:\/\/apel75.com\/index.php?rest_route=%2Fwp%2Fv2%2Fcategories&post=429"},{"taxonomy":"post_tag","embeddable":true,"href":"https:\/\/apel75.com\/index.php?rest_route=%2Fwp%2Fv2%2Ftags&post=429"}],"curies":[{"name":"wp","href":"https:\/\/api.w.org\/{rel}","templated":true}]}}