{"id":186,"date":"2024-09-05T16:40:07","date_gmt":"2024-09-05T14:40:07","guid":{"rendered":"https:\/\/apel75.com\/?p=186"},"modified":"2024-09-16T11:21:43","modified_gmt":"2024-09-16T09:21:43","slug":"laccompagnement-des-apel-detablissement","status":"publish","type":"post","link":"https:\/\/apel75.com\/?p=186","title":{"rendered":"L&#8217;accompagnement des Apel d&#8217;\u00e9tablissement"},"content":{"rendered":"\n<h3 class=\"wp-block-heading has-text-align-center has-white-color has-text-color has-background has-link-color wp-elements-16db65f05229c2621201cfbd3f12b4f6\" style=\"background-color:#1db3ae\"><strong>L&#8217;Apel de Paris : au service des Apel d&#8217;\u00e9tablissements parisiens<\/strong><\/h3>\n\n\n\n<p class=\"has-text-color has-link-color wp-elements-407daa6614ea53584863030f1f462bf1\" style=\"color:#ce007f\"><strong>Animation <\/strong><strong>et <\/strong><strong>conseil&nbsp;<\/strong><\/p>\n\n\n\n<p>L&#8217;Apel de Paris soutient les \u00e9lus d&#8217;Apel d&#8217;\u00e9tablissement lors de rencontres r\u00e9guli\u00e8res par secteur g\u00e9ographique : \u00e9coute des besoins, \u00e9change d&#8217;informations et d&#8217;exp\u00e9riences.&nbsp;<\/p>\n\n\n\n<hr class=\"wp-block-separator has-text-color has-alpha-channel-opacity has-background is-style-wide\" style=\"background-color:#1db3ae;color:#1db3ae\"\/>\n\n\n\n<p class=\"has-text-color has-link-color wp-elements-7634d473c58b581dec2843a288f6f7a4\" style=\"color:#ce007f\"><strong>Solidarit\u00e9s<\/strong><\/p>\n\n\n\n<p>L&#8217;Apel de Paris soutient, par des aides financi\u00e8res ponctuelles, des actions de solidarit\u00e9 portant notamment sur des projets num\u00e9riques, l&#8217;acquisition de mat\u00e9riel p\u00e9dagogique d&#8217;\u00e9quipements sportifs.<\/p>\n\n\n\n<hr class=\"wp-block-separator has-text-color has-alpha-channel-opacity has-background is-style-wide\" style=\"background-color:#1db3ae;color:#1db3ae\"\/>\n\n\n\n<p class=\"has-text-color has-link-color wp-elements-81ff9bcff0a414316d288a0d42390c67\" style=\"color:#ce007f\"><strong>Information&nbsp;<\/strong><\/p>\n\n\n\n<p>L&#8217;Apel de Paris se fait le relai, au sein de l&#8217;acad\u00e9mie, de toute information relative \u00e0 la scolarit\u00e9 des \u00e9l\u00e8ves, \u00e0 leurs droits et devoirs ainsi qu&#8217;\u00e0 ceux des familles. Elle rend compte de l&#8217;action de l&#8217;Apel nationale et publie, une fois par an, son magazine. Enfin, elle dispose d&#8217;un site internet et est pr\u00e9sente sur les r\u00e9seaux sociaux (Facebook, Instagram, X et YouTube).<\/p>\n\n\n\n<hr class=\"wp-block-separator has-text-color has-alpha-channel-opacity has-background is-style-wide\" style=\"background-color:#1db3ae;color:#1db3ae\"\/>\n\n\n\n<p class=\"has-text-color has-link-color wp-elements-38847ff91c44756d964ac6f59a1d40b4\" style=\"color:#ce007f\"><strong><a href=\"https:\/\/naatalee.wordpress.com\/2023\/12\/16\/les-formations-et-animations\/\">Formation&nbsp;<\/a><\/strong><\/p>\n\n\n\n<p>Chaque ann\u00e9e, des sessions de formation sont organis\u00e9es afin de soutenir les \u00e9lus des Apel d&#8217;\u00e9tablissement dans leurs missions: formation des pr\u00e9sidents, tr\u00e9soriers et secr\u00e9taires d&#8217;Apel ainsi que des parents correspondants; organisation d&#8217;assembl\u00e9e g\u00e9n\u00e9rale, de forum des M\u00e9tiers, prise de parole en public, \u00e9crire pour \u00eatre lu, etc.&nbsp;<\/p>\n\n\n\n<hr class=\"wp-block-separator has-text-color has-alpha-channel-opacity has-background is-style-wide\" style=\"background-color:#1db3ae;color:#1db3ae\"\/>\n\n\n\n<p class=\"has-text-color has-link-color wp-elements-593c7163a693665c72eb072ef8aca9e4\" style=\"color:#ce007f\"><strong><a href=\"https:\/\/apel75.com\/?p=188\">Assembl\u00e9es G\u00e9n\u00e9rales<\/a><\/strong><\/p>\n\n\n\n<p>Les Assembl\u00e9es G\u00e9n\u00e9rales sont les \u00e9v\u00e9nements qui rythment toute vie associative. Elles r\u00e9unissent l\u2019ensemble des adh\u00e9rents pour pr\u00e9senter les projets r\u00e9alis\u00e9s et \u00e0 venir, \u00e9lire les membres du Conseil d\u2019Administration et discuter du fonctionnement de l\u2019association.&nbsp;<\/p>\n\n\n\n<hr class=\"wp-block-separator has-text-color has-alpha-channel-opacity has-background is-style-wide\" style=\"background-color:#1db3ae;color:#1db3ae\"\/>\n\n\n\n<p class=\"has-text-color has-link-color wp-elements-ea7118e9e58ee109b4347da273045000\" style=\"color:#ce007f\"><strong>Repr\u00e9sentation&nbsp;<\/strong><\/p>\n\n\n\n<p>L&#8217;Apel de Paris repr\u00e9sente les int\u00e9r\u00eats des familles aupr\u00e8s du Dioc\u00e8se, du Rectorat, des instances locales et r\u00e9gionales, de la MDPH, de l&#8217;UROGEC et de l&#8217;UGSEL.&nbsp;<\/p>\n\n\n\n<p><\/p>\n\n\n\n<hr class=\"wp-block-separator has-text-color has-alpha-channel-opacity has-background is-style-wide\" style=\"background-color:#ce007f;color:#ce007f\"\/>\n","protected":false},"excerpt":{"rendered":"<p>L&#8217;Apel de Paris : au service des Apel d&#8217;\u00e9tablissements parisiens Animation et conseil&nbsp; L&#8217;Apel de Paris soutient les \u00e9lus d&#8217;Apel d&#8217;\u00e9tablissement lors de rencontres r\u00e9guli\u00e8res par secteur g\u00e9ographique : \u00e9coute des besoins, \u00e9change d&#8217;informations et d&#8217;exp\u00e9riences.&nbsp; Solidarit\u00e9s L&#8217;Apel de Paris soutient, par des aides financi\u00e8res ponctuelles, des actions de solidarit\u00e9 portant notamment sur des projets &hellip; <a href=\"https:\/\/apel75.com\/?p=186\" class=\"more-link\">Continue reading <span class=\"screen-reader-text\">L&#8217;accompagnement des Apel d&#8217;\u00e9tablissement<\/span><\/a><\/p>\n","protected":false},"author":1,"featured_media":0,"comment_status":"open","ping_status":"open","sticky":false,"template":"","format":"standard","meta":{"footnotes":""},"categories":[1],"tags":[],"class_list":["post-186","post","type-post","status-publish","format-standard","hentry","category-non-classe"],"_links":{"self":[{"href":"https:\/\/apel75.com\/index.php?rest_route=\/wp\/v2\/posts\/186","targetHints":{"allow":["GET"]}}],"collection":[{"href":"https:\/\/apel75.com\/index.php?rest_route=\/wp\/v2\/posts"}],"about":[{"href":"https:\/\/apel75.com\/index.php?rest_route=\/wp\/v2\/types\/post"}],"author":[{"embeddable":true,"href":"https:\/\/apel75.com\/index.php?rest_route=\/wp\/v2\/users\/1"}],"replies":[{"embeddable":true,"href":"https:\/\/apel75.com\/index.php?rest_route=%2Fwp%2Fv2%2Fcomments&post=186"}],"version-history":[{"count":5,"href":"https:\/\/apel75.com\/index.php?rest_route=\/wp\/v2\/posts\/186\/revisions"}],"predecessor-version":[{"id":236,"href":"https:\/\/apel75.com\/index.php?rest_route=\/wp\/v2\/posts\/186\/revisions\/236"}],"wp:attachment":[{"href":"https:\/\/apel75.com\/index.php?rest_route=%2Fwp%2Fv2%2Fmedia&parent=186"}],"wp:term":[{"taxonomy":"category","embeddable":true,"href":"https:\/\/apel75.com\/index.php?rest_route=%2Fwp%2Fv2%2Fcategories&post=186"},{"taxonomy":"post_tag","embeddable":true,"href":"https:\/\/apel75.com\/index.php?rest_route=%2Fwp%2Fv2%2Ftags&post=186"}],"curies":[{"name":"wp","href":"https:\/\/api.w.org\/{rel}","templated":true}]}}